{"id":1671,"date":"2020-09-20T14:52:24","date_gmt":"2020-09-20T17:52:24","guid":{"rendered":"http:\/\/www.monicaduch.com\/blog\/?p=1671"},"modified":"2020-09-20T14:52:25","modified_gmt":"2020-09-20T17:52:25","slug":"black-pink-design","status":"publish","type":"post","link":"https:\/\/www.monicaduch.com\/blog\/?p=1671","title":{"rendered":"BLACK &#038; PINK Design"},"content":{"rendered":"\n<figure class=\"wp-block-image size-large\"><img decoding=\"async\" loading=\"lazy\" width=\"383\" height=\"147\" src=\"http:\/\/www.monicaduch.com\/blog\/wp-content\/uploads\/2019\/09\/MD-Event-Design.jpg\" alt=\"\" class=\"wp-image-1558\" srcset=\"https:\/\/www.monicaduch.com\/blog\/wp-content\/uploads\/2019\/09\/MD-Event-Design.jpg 383w, https:\/\/www.monicaduch.com\/blog\/wp-content\/uploads\/2019\/09\/MD-Event-Design-300x115.jpg 300w\" sizes=\"(max-width: 383px) 100vw, 383px\" \/><figcaption>Monica Duch <br \/>Dise\u00f1adora Floral CFD <br \/>Ambientadora<\/figcaption><\/figure>\n\n\n\n<p>Un jarr\u00f3n negro inspira muchos posibilidades\u2026<br \/>En esta oportunidad me enfoque en un dise\u00f1o tradicional moderno y multidireccional.<\/p>\n\n\n\n<p>Cuando estaba eligiendo las flores me enamor\u00e9 de las tonalidades de rosados y las combin\u00e9 con estas espectaculares rosas de ecuador muy pink, rom\u00e1nticas marimonias rosadas con sutiles matices y alstroemerias en tonos rosa baby.<\/p>\n\n\n\n<figure class=\"wp-block-image size-large\"><img decoding=\"async\" loading=\"lazy\" width=\"1024\" height=\"1024\" src=\"https:\/\/www.monicaduch.com\/blog\/wp-content\/uploads\/2020\/09\/Sin-titulo-1-1024x1024.jpg\" alt=\"\" class=\"wp-image-1672\" srcset=\"https:\/\/www.monicaduch.com\/blog\/wp-content\/uploads\/2020\/09\/Sin-titulo-1-1024x1024.jpg 1024w, https:\/\/www.monicaduch.com\/blog\/wp-content\/uploads\/2020\/09\/Sin-titulo-1-300x300.jpg 300w, https:\/\/www.monicaduch.com\/blog\/wp-content\/uploads\/2020\/09\/Sin-titulo-1-150x150.jpg 150w, https:\/\/www.monicaduch.com\/blog\/wp-content\/uploads\/2020\/09\/Sin-titulo-1-768x768.jpg 768w, https:\/\/www.monicaduch.com\/blog\/wp-content\/uploads\/2020\/09\/Sin-titulo-1-100x100.jpg 100w, https:\/\/www.monicaduch.com\/blog\/wp-content\/uploads\/2020\/09\/Sin-titulo-1.jpg 1080w\" sizes=\"(max-width: 767px) 89vw, (max-width: 1000px) 54vw, (max-width: 1071px) 543px, 580px\" \/><\/figure>\n\n\n\n<!--more-->\n\n\n\n<p>Me gust\u00f3 combinar este dise\u00f1o con variedades de follajes, generando contrastes.<br \/>El viburnum en flor con sus hermosas hojas verde ingl\u00e9s y el eucaliptus con sus verdes met\u00e1licos quedaron perfectas en el jarr\u00f3n, brindando puntos de iluminaci\u00f3n.<\/p>\n\n\n\n<figure class=\"wp-block-image size-large\"><img decoding=\"async\" loading=\"lazy\" width=\"1024\" height=\"802\" src=\"https:\/\/www.monicaduch.com\/blog\/wp-content\/uploads\/2020\/09\/1-jarron-negro-con-flores-BLOG-1024x802.jpg\" alt=\"\" class=\"wp-image-1673\" srcset=\"https:\/\/www.monicaduch.com\/blog\/wp-content\/uploads\/2020\/09\/1-jarron-negro-con-flores-BLOG-1024x802.jpg 1024w, https:\/\/www.monicaduch.com\/blog\/wp-content\/uploads\/2020\/09\/1-jarron-negro-con-flores-BLOG-300x235.jpg 300w, https:\/\/www.monicaduch.com\/blog\/wp-content\/uploads\/2020\/09\/1-jarron-negro-con-flores-BLOG-768x602.jpg 768w, https:\/\/www.monicaduch.com\/blog\/wp-content\/uploads\/2020\/09\/1-jarron-negro-con-flores-BLOG.jpg 1080w\" sizes=\"(max-width: 767px) 89vw, (max-width: 1000px) 54vw, (max-width: 1071px) 543px, 580px\" \/><\/figure>\n\n\n\n<p>La sobriedad del negro, junto a las distintas intensidades de rosados y contrastes verdosos, le dieron al dise\u00f1o un atractivo romanticismo visual.<\/p>\n\n\n\n<figure class=\"wp-block-image size-large\"><img decoding=\"async\" loading=\"lazy\" width=\"1024\" height=\"811\" src=\"https:\/\/www.monicaduch.com\/blog\/wp-content\/uploads\/2020\/09\/1-jarron-negro-con-flores-3-BLOG-1024x811.jpg\" alt=\"\" class=\"wp-image-1674\" srcset=\"https:\/\/www.monicaduch.com\/blog\/wp-content\/uploads\/2020\/09\/1-jarron-negro-con-flores-3-BLOG-1024x811.jpg 1024w, https:\/\/www.monicaduch.com\/blog\/wp-content\/uploads\/2020\/09\/1-jarron-negro-con-flores-3-BLOG-300x238.jpg 300w, https:\/\/www.monicaduch.com\/blog\/wp-content\/uploads\/2020\/09\/1-jarron-negro-con-flores-3-BLOG-768x608.jpg 768w, https:\/\/www.monicaduch.com\/blog\/wp-content\/uploads\/2020\/09\/1-jarron-negro-con-flores-3-BLOG.jpg 1080w\" sizes=\"(max-width: 767px) 89vw, (max-width: 1000px) 54vw, (max-width: 1071px) 543px, 580px\" \/><\/figure>\n\n\n\n<p>Este jarr\u00f3n ideal para lucir en la mesa de un living o un recibidor, como as\u00ed tambi\u00e9n en el lobby de un hotel boutique.<br \/>Espero que les guste, tanto como a m\u00ed me gust\u00f3 dise\u00f1arlo.<br \/>Hasta pronto!<\/p>\n\n\n\n<p>Buenos Aires \u2013 Argentina<\/p>\n","protected":false},"excerpt":{"rendered":"<p>Un jarr\u00f3n negro inspira muchos posibilidades\u2026En esta oportunidad me enfoque en un dise\u00f1o tradicional moderno y multidireccional. Cuando estaba eligiendo las flores me enamor\u00e9 de las tonalidades de rosados y las combin\u00e9 con estas espectaculares rosas de ecuador muy pink, rom\u00e1nticas marimonias rosadas con sutiles matices y alstroemerias en tonos rosa baby.<\/p>\n","protected":false},"author":2,"featured_media":0,"comment_status":"open","ping_status":"open","sticky":false,"template":"","format":"standard","meta":{"footnotes":""},"categories":[59,3,20,4,5,16],"tags":[],"_links":{"self":[{"href":"https:\/\/www.monicaduch.com\/blog\/index.php?rest_route=\/wp\/v2\/posts\/1671"}],"collection":[{"href":"https:\/\/www.monicaduch.com\/blog\/index.php?rest_route=\/wp\/v2\/posts"}],"about":[{"href":"https:\/\/www.monicaduch.com\/blog\/index.php?rest_route=\/wp\/v2\/types\/post"}],"author":[{"embeddable":true,"href":"https:\/\/www.monicaduch.com\/blog\/index.php?rest_route=\/wp\/v2\/users\/2"}],"replies":[{"embeddable":true,"href":"https:\/\/www.monicaduch.com\/blog\/index.php?rest_route=%2Fwp%2Fv2%2Fcomments&post=1671"}],"version-history":[{"count":1,"href":"https:\/\/www.monicaduch.com\/blog\/index.php?rest_route=\/wp\/v2\/posts\/1671\/revisions"}],"predecessor-version":[{"id":1675,"href":"https:\/\/www.monicaduch.com\/blog\/index.php?rest_route=\/wp\/v2\/posts\/1671\/revisions\/1675"}],"wp:attachment":[{"href":"https:\/\/www.monicaduch.com\/blog\/index.php?rest_route=%2Fwp%2Fv2%2Fmedia&parent=1671"}],"wp:term":[{"taxonomy":"category","embeddable":true,"href":"https:\/\/www.monicaduch.com\/blog\/index.php?rest_route=%2Fwp%2Fv2%2Fcategories&post=1671"},{"taxonomy":"post_tag","embeddable":true,"href":"https:\/\/www.monicaduch.com\/blog\/index.php?rest_route=%2Fwp%2Fv2%2Ftags&post=1671"}],"curies":[{"name":"wp","href":"https:\/\/api.w.org\/{rel}","templated":true}]}}