{"id":1100,"date":"2015-01-15T15:37:34","date_gmt":"2015-01-15T18:37:34","guid":{"rendered":"http:\/\/www.monicaduch.com\/blog\/?p=1100"},"modified":"2015-02-12T13:00:18","modified_gmt":"2015-02-12T16:00:18","slug":"centro-de-arte-y-diseo-floral-entrega-de-certificados-2014","status":"publish","type":"post","link":"https:\/\/www.monicaduch.com\/blog\/?p=1100","title":{"rendered":"Centro de Arte y Dise&ntilde;o Floral &#8211; Entrega de Certificados 2014"},"content":{"rendered":"<p><a href=\"http:\/\/www.monicaduch.com\/blog\/wp-content\/uploads\/2015\/01\/monica-duch-av1.jpg\"><img decoding=\"async\" loading=\"lazy\" title=\"M\u00f3nica Duch\" style=\"border-left-width: 0px; border-right-width: 0px; background-image: none; border-bottom-width: 0px; float: left; padding-top: 0px; padding-left: 0px; margin: 0px 7px 0px 0px; display: inline; padding-right: 0px; border-top-width: 0px\" border=\"0\" alt=\"M\u00f3nica Duch\" src=\"http:\/\/www.monicaduch.com\/blog\/wp-content\/uploads\/2015\/01\/monica-duch-av1_thumb.jpg\" width=\"148\" align=\"left\" height=\"154\" \/><\/a><\/p>\n<p align=\"justify\">Cada a\u00f1o que comienza proyectamos y acompa\u00f1amos con mucho entusiasmo a nuevos emprendedores,&#160; a recorrer juntos el camino hasta el final.<\/p>\n<p align=\"justify\">En el trayecto logramos ver en cada grupo, cada dise\u00f1o y en cada alumno las ganas y el inter\u00e9s por el mundo de las flores, el mundo de los eventos, las novias y un sin fin de posibilidades que se les va mostrando en esta traves\u00eda.<\/p>\n<p align=\"justify\">A pesar de los 15 a\u00f1os que venimos formando emprendedores florales, cada fin de ciclo es todo un orgullo y gran emoci\u00f3n.&#160; <\/p>\n<p><a href=\"http:\/\/www.monicaduch.com\/blog\/wp-content\/uploads\/2015\/01\/monica-duch-003_video-1.jpg\"><img decoding=\"async\" loading=\"lazy\" title=\"monica-duch-003_video-1\" style=\"border-left-width: 0px; border-right-width: 0px; background-image: none; border-bottom-width: 0px; padding-top: 0px; padding-left: 0px; display: inline; padding-right: 0px; border-top-width: 0px\" border=\"0\" alt=\"monica-duch-003_video-1\" src=\"http:\/\/www.monicaduch.com\/blog\/wp-content\/uploads\/2015\/01\/monica-duch-003_video-1_thumb.jpg\" width=\"870\" height=\"491\" \/><\/a><\/p>\n<p align=\"justify\">Cada alumno llega con una idea, un sue\u00f1o o un proyecto y durante todo el a\u00f1o se trabaja en cada uno particularmente y grupalmente para que puedan llegar a la meta, la primera meta de este recorrido, brind\u00e1ndoles los conocimientos profesionales necesarios para que puedan dar inicio a la actividad de Dise\u00f1ador Floral con \u00e9xito.<\/p>\n<p><!--more--><\/p>\n<p align=\"justify\">Queremos agradecerles la confianza que han depositado en nosotros y recordar en este evento a todos los alumnos del exterior y del interior que han venido a nuestro Centro de Arte y Dise\u00f1o Floral M\u00f3nica Duch en Buenos Aires a capacitarse a lo largo del a\u00f1o, a los alumnos que he capacitado en el exterior e interior de Argentina y a todos los alumnos que de manera presencial han estado clase a clase.<\/p>\n<p align=\"justify\">Brindamos con los egresados 2014 junto a ustedes por un a\u00f1o maravilloso y lleno de oportunidades, esper\u00e1ndolos pr\u00f3ximamente&#160; para que puedan seguir perfeccion\u00e1ndose.<\/p>\n<p><a href=\"http:\/\/www.monicaduch.com\/blog\/wp-content\/uploads\/2015\/01\/monica-duch-087_video-1a.jpg\"><img decoding=\"async\" loading=\"lazy\" title=\"monica-duch-087_video-1a\" style=\"border-left-width: 0px; border-right-width: 0px; background-image: none; border-bottom-width: 0px; padding-top: 0px; padding-left: 0px; display: inline; padding-right: 0px; border-top-width: 0px\" border=\"0\" alt=\"monica-duch-087_video-1a\" src=\"http:\/\/www.monicaduch.com\/blog\/wp-content\/uploads\/2015\/01\/monica-duch-087_video-1a_thumb.jpg\" width=\"644\" height=\"364\" \/><\/a><\/p>\n<p align=\"justify\">Los que integramos M\u00f3nica Duch Arte y Dise\u00f1o Floral queremos compartir tambi\u00e9n con los alumnos que por cuestiones personales no pudieron asistir, con nuestros alumnos del exterior y del&#160; interior este video que hemos realizado en el cual podr\u00e1n disfrutar del maravilloso trabajo profesional de decoraci\u00f3n floral que han hecho los alumnos para esta fiesta de Fin de Ciclo 2014.<\/p>\n<p align=\"justify\">Que lo disfruten y hasta pronto!<\/p>\n<p align=\"justify\">M\u00f3nica<\/p>\n<p> <iframe loading=\"lazy\" height=\"360\" src=\"\/\/www.youtube.com\/embed\/fYkw5wD56rg\" frameborder=\"0\" width=\"640\" allowfullscreen=\"allowfullscreen\"><\/iframe><\/p>\n","protected":false},"excerpt":{"rendered":"<p>Cada a\u00f1o que comienza proyectamos y acompa\u00f1amos con mucho entusiasmo a nuevos emprendedores,&#160; a recorrer juntos el camino hasta el final. En el trayecto logramos ver en cada grupo, cada dise\u00f1o y en cada alumno las ganas y el inter\u00e9s por el mundo de las flores, el mundo de los eventos, las novias y un &hellip; <\/p>\n<p class=\"link-more\"><a href=\"https:\/\/www.monicaduch.com\/blog\/?p=1100\" class=\"more-link\">Continuar leyendo<span class=\"screen-reader-text\"> \u00abCentro de Arte y Dise&ntilde;o Floral &#8211; Entrega de Certificados 2014\u00bb<\/span><\/a><\/p>\n","protected":false},"author":1,"featured_media":0,"comment_status":"open","ping_status":"open","sticky":false,"template":"","format":"standard","meta":{"footnotes":""},"categories":[3,4,5,7],"tags":[9],"_links":{"self":[{"href":"https:\/\/www.monicaduch.com\/blog\/index.php?rest_route=\/wp\/v2\/posts\/1100"}],"collection":[{"href":"https:\/\/www.monicaduch.com\/blog\/index.php?rest_route=\/wp\/v2\/posts"}],"about":[{"href":"https:\/\/www.monicaduch.com\/blog\/index.php?rest_route=\/wp\/v2\/types\/post"}],"author":[{"embeddable":true,"href":"https:\/\/www.monicaduch.com\/blog\/index.php?rest_route=\/wp\/v2\/users\/1"}],"replies":[{"embeddable":true,"href":"https:\/\/www.monicaduch.com\/blog\/index.php?rest_route=%2Fwp%2Fv2%2Fcomments&post=1100"}],"version-history":[{"count":2,"href":"https:\/\/www.monicaduch.com\/blog\/index.php?rest_route=\/wp\/v2\/posts\/1100\/revisions"}],"predecessor-version":[{"id":1130,"href":"https:\/\/www.monicaduch.com\/blog\/index.php?rest_route=\/wp\/v2\/posts\/1100\/revisions\/1130"}],"wp:attachment":[{"href":"https:\/\/www.monicaduch.com\/blog\/index.php?rest_route=%2Fwp%2Fv2%2Fmedia&parent=1100"}],"wp:term":[{"taxonomy":"category","embeddable":true,"href":"https:\/\/www.monicaduch.com\/blog\/index.php?rest_route=%2Fwp%2Fv2%2Fcategories&post=1100"},{"taxonomy":"post_tag","embeddable":true,"href":"https:\/\/www.monicaduch.com\/blog\/index.php?rest_route=%2Fwp%2Fv2%2Ftags&post=1100"}],"curies":[{"name":"wp","href":"https:\/\/api.w.org\/{rel}","templated":true}]}}