{"id":1089,"date":"2014-09-10T17:35:30","date_gmt":"2014-09-10T20:35:30","guid":{"rendered":"http:\/\/www.monicaduch.com\/blog\/?p=1089"},"modified":"2014-09-10T17:59:26","modified_gmt":"2014-09-10T20:59:26","slug":"arreglos-florales-para-la-recepcin-de-un-evento","status":"publish","type":"post","link":"https:\/\/www.monicaduch.com\/blog\/?p=1089","title":{"rendered":"Arreglos florales para la recepci&oacute;n de un evento"},"content":{"rendered":"<p><a href=\"http:\/\/www.monicaduch.com\/blog\/wp-content\/uploads\/2014\/09\/monica-duch-av1.jpg\"><img decoding=\"async\" loading=\"lazy\" title=\"monica duch-av1\" style=\"border-left-width: 0px; border-right-width: 0px; background-image: none; border-bottom-width: 0px; float: left; padding-top: 0px; padding-left: 0px; margin: 0px 4px; display: inline; padding-right: 0px; border-top-width: 0px\" border=\"0\" alt=\"monica duch-av1\" src=\"http:\/\/www.monicaduch.com\/blog\/wp-content\/uploads\/2014\/09\/monica-duch-av1_thumb.jpg\" width=\"144\" align=\"left\" height=\"150\" \/><\/a><\/p>\n<p align=\"justify\">Muchas veces los arreglos florales de la recepci\u00f3n de un evento son un tema, para elegir tal o cual dise\u00f1o.<\/p>\n<p align=\"justify\">Seg\u00fan el tipo de evento los arreglos florales para la recepci\u00f3n pueden ser altos, bajos, estructurales, de dise\u00f1o, etc., etc., al igual que los colores&#160; y las flores que van a componer el mismo.<\/p>\n<p align=\"justify\">Es misi\u00f3n del dise\u00f1ador floral o ambientador\/a asesorar al cliente con respecto a estos temas para lograr una ambientaci\u00f3n equilibrada.<\/p>\n<p align=\"justify\">Quiero compartir con ustedes la clase de hoy del Curso de Dise\u00f1o Floral para Eventos, donde el grupo de alumnas aprendi\u00f3 a confeccionar un dise\u00f1o floral para la recepci\u00f3n de&#160; un evento.<\/p>\n<p align=\"justify\">La consigna part\u00eda de un dise\u00f1o floral en altura y de magnitud, que imponga prestancia en las mesas de recepci\u00f3n dado que es el arreglo predominante, en dicho momento del evento.<\/p>\n<p align=\"justify\">En esta oportunidad el arreglo adem\u00e1s de flores cuenta con verduras, donde elegimos para hoy combinarlos con berengenas!<\/p>\n<p align=\"justify\">Esta muy de moda utilizar verduras con flores al igual que flores y frutas! <\/p>\n<p align=\"justify\">Podemos crear cientos de modelos y dise\u00f1ar elegantes y divertidos arreglos, resultando adem\u00e1s una excelente opci\u00f3n para ofrecer a nuestros clientes.<\/p>\n<p align=\"justify\">Les mostramos aqu\u00ed a las alumnas en plena confecci\u00f3n del dise\u00f1o, armando en primer lugar la estructura de base.<\/p>\n<p><a href=\"http:\/\/www.monicaduch.com\/blog\/wp-content\/uploads\/2014\/09\/monica-duch-arreglo-floral-recepcion-1.jpg\"><img decoding=\"async\" loading=\"lazy\" title=\"monica duch-arreglo floral recepcion 1\" style=\"border-left-width: 0px; border-right-width: 0px; background-image: none; border-bottom-width: 0px; padding-top: 0px; padding-left: 0px; display: inline; padding-right: 0px; border-top-width: 0px\" border=\"0\" alt=\"monica duch-arreglo floral recepcion 1\" src=\"http:\/\/www.monicaduch.com\/blog\/wp-content\/uploads\/2014\/09\/monica-duch-arreglo-floral-recepcion-1_thumb.jpg\" width=\"644\" height=\"364\" \/><\/a><\/p>\n<p><a href=\"http:\/\/www.monicaduch.com\/blog\/wp-content\/uploads\/2014\/09\/monica-duch-arreglo-floral-recepcion-2-.jpg\"><img decoding=\"async\" loading=\"lazy\" title=\"monica duch-arreglo floral recepcion 2-\" style=\"border-left-width: 0px; border-right-width: 0px; background-image: none; border-bottom-width: 0px; padding-top: 0px; padding-left: 0px; display: inline; padding-right: 0px; border-top-width: 0px\" border=\"0\" alt=\"monica duch-arreglo floral recepcion 2-\" src=\"http:\/\/www.monicaduch.com\/blog\/wp-content\/uploads\/2014\/09\/monica-duch-arreglo-floral-recepcion-2-_thumb.jpg\" width=\"644\" height=\"364\" \/><\/a><\/p>\n<p align=\"justify\">La elecci\u00f3n de las flores y los colores est\u00e1n basados en un dise\u00f1o fresco, alegre y primaveral.<\/p>\n<p><!--more--><\/p>\n<p align=\"justify\">\n<p><a href=\"http:\/\/www.monicaduch.com\/blog\/wp-content\/uploads\/2014\/09\/monica-duch-arreglo-floral-recepcion-3.jpg\"><img decoding=\"async\" loading=\"lazy\" title=\"monica duch-arreglo floral recepcion 3\" style=\"border-left-width: 0px; border-right-width: 0px; background-image: none; border-bottom-width: 0px; padding-top: 0px; padding-left: 0px; display: inline; padding-right: 0px; border-top-width: 0px\" border=\"0\" alt=\"monica duch-arreglo floral recepcion 3\" src=\"http:\/\/www.monicaduch.com\/blog\/wp-content\/uploads\/2014\/09\/monica-duch-arreglo-floral-recepcion-3_thumb.jpg\" width=\"644\" height=\"364\" \/><\/a><\/p>\n<p align=\"justify\">Este importante arreglo floral de colores c\u00e1lidos est\u00e1 compuesto de distintas variedades de flores, tales como conejitos en tonos naranja, simp\u00e1ticas margaritas amarillas, liliums&#160; en naranja pleno, alstroemerias matizadas engamando tonos y solidago, acompa\u00f1ado de follajes consistentes y otros elegidos para dar movimiento y efecto m\u00f3rbido.<\/p>\n<p><a href=\"http:\/\/www.monicaduch.com\/blog\/wp-content\/uploads\/2014\/09\/monica-duch-arreglo-floral-recepcion-4.jpg\"><img decoding=\"async\" loading=\"lazy\" title=\"monica duch-arreglo floral recepcion 4\" style=\"border-left-width: 0px; border-right-width: 0px; background-image: none; border-bottom-width: 0px; padding-top: 0px; padding-left: 0px; display: inline; padding-right: 0px; border-top-width: 0px\" border=\"0\" alt=\"monica duch-arreglo floral recepcion 4\" src=\"http:\/\/www.monicaduch.com\/blog\/wp-content\/uploads\/2014\/09\/monica-duch-arreglo-floral-recepcion-4_thumb.jpg\" width=\"644\" height=\"364\" \/><\/a><\/p>\n<p align=\"justify\">Tarea terminada y alumnas felices!! cada una con imponente arreglo floral para recepci\u00f3n de eventos, donde pudieron aprender las t\u00e9cnicas profesionales necesarias para lograr un arreglo de magnitud con \u00e9xito.<\/p>\n<p><a href=\"http:\/\/www.monicaduch.com\/blog\/wp-content\/uploads\/2014\/09\/monica-duch-arreglo-floral-recepcion-5.jpg\"><img decoding=\"async\" loading=\"lazy\" title=\"monica duch-arreglo floral recepcion 5\" style=\"border-left-width: 0px; border-right-width: 0px; background-image: none; border-bottom-width: 0px; padding-top: 0px; padding-left: 0px; display: inline; padding-right: 0px; border-top-width: 0px\" border=\"0\" alt=\"monica duch-arreglo floral recepcion 5\" src=\"http:\/\/www.monicaduch.com\/blog\/wp-content\/uploads\/2014\/09\/monica-duch-arreglo-floral-recepcion-5_thumb.jpg\" width=\"644\" height=\"444\" \/><\/a><\/p>\n<p align=\"justify\">Felicitaciones al grupo por su primer dise\u00f1o para recepci\u00f3n de eventos y a Romina la profesora coordinadora de este grupo!<\/p>\n<p>Cari\u00f1os y hasta la pr\u00f3xima!<\/p>\n<p><strong>M\u00f3nica<\/strong><\/p>\n","protected":false},"excerpt":{"rendered":"<p>Muchas veces los arreglos florales de la recepci\u00f3n de un evento son un tema, para elegir tal o cual dise\u00f1o. Seg\u00fan el tipo de evento los arreglos florales para la recepci\u00f3n pueden ser altos, bajos, estructurales, de dise\u00f1o, etc., etc., al igual que los colores&#160; y las flores que van a componer el mismo. Es &hellip; <\/p>\n<p class=\"link-more\"><a href=\"https:\/\/www.monicaduch.com\/blog\/?p=1089\" class=\"more-link\">Continuar leyendo<span class=\"screen-reader-text\"> \u00abArreglos florales para la recepci&oacute;n de un evento\u00bb<\/span><\/a><\/p>\n","protected":false},"author":1,"featured_media":0,"comment_status":"open","ping_status":"open","sticky":false,"template":"","format":"standard","meta":{"footnotes":""},"categories":[3,4,5],"tags":[],"_links":{"self":[{"href":"https:\/\/www.monicaduch.com\/blog\/index.php?rest_route=\/wp\/v2\/posts\/1089"}],"collection":[{"href":"https:\/\/www.monicaduch.com\/blog\/index.php?rest_route=\/wp\/v2\/posts"}],"about":[{"href":"https:\/\/www.monicaduch.com\/blog\/index.php?rest_route=\/wp\/v2\/types\/post"}],"author":[{"embeddable":true,"href":"https:\/\/www.monicaduch.com\/blog\/index.php?rest_route=\/wp\/v2\/users\/1"}],"replies":[{"embeddable":true,"href":"https:\/\/www.monicaduch.com\/blog\/index.php?rest_route=%2Fwp%2Fv2%2Fcomments&post=1089"}],"version-history":[{"count":2,"href":"https:\/\/www.monicaduch.com\/blog\/index.php?rest_route=\/wp\/v2\/posts\/1089\/revisions"}],"predecessor-version":[{"id":1092,"href":"https:\/\/www.monicaduch.com\/blog\/index.php?rest_route=\/wp\/v2\/posts\/1089\/revisions\/1092"}],"wp:attachment":[{"href":"https:\/\/www.monicaduch.com\/blog\/index.php?rest_route=%2Fwp%2Fv2%2Fmedia&parent=1089"}],"wp:term":[{"taxonomy":"category","embeddable":true,"href":"https:\/\/www.monicaduch.com\/blog\/index.php?rest_route=%2Fwp%2Fv2%2Fcategories&post=1089"},{"taxonomy":"post_tag","embeddable":true,"href":"https:\/\/www.monicaduch.com\/blog\/index.php?rest_route=%2Fwp%2Fv2%2Ftags&post=1089"}],"curies":[{"name":"wp","href":"https:\/\/api.w.org\/{rel}","templated":true}]}}